{"id":2121,"date":"2021-04-29T08:54:17","date_gmt":"2021-04-29T08:54:17","guid":{"rendered":"http:\/\/storckensohn.wibou.fr\/?p=2121"},"modified":"2021-08-10T14:07:39","modified_gmt":"2021-08-10T14:07:39","slug":"ecole-elementaire","status":"publish","type":"post","link":"https:\/\/storckensohn.fr\/index.php\/2021\/04\/29\/ecole-elementaire\/","title":{"rendered":"Ecole \u00e9l\u00e9mentaire"},"content":{"rendered":"<p class=\"western\"><span style=\"color: #000000;\"><span style=\"font-family: inherit, serif;\"><span style=\"font-size: medium;\">En d\u00e9but d\u2019ann\u00e9e, notre Maire annon\u00e7ait dans le bulletin communal la d\u00e9cision par l\u2019\u00c9ducation <\/span><\/span><\/span><span style=\"color: #000000;\"><span style=\"font-family: inherit, serif;\"><span style=\"font-size: medium;\">nationale<\/span><\/span><\/span><span style=\"color: #000000;\"><span style=\"font-family: inherit, serif;\"><span style=\"font-size: medium;\"> de la fermeture de l\u2019\u00e9cole de STORCKENSOHN. <\/span><\/span><\/span><span style=\"color: #000000;\"><span style=\"font-family: inherit, serif;\"><span style=\"font-size: medium;\">Gr\u00e2ce au refus par courrier de notre \u00e9dile ainsi que la mobilisation de notre S\u00e9natrice et de notre D\u00e9put\u00e9, la classe de CP\/CE1 restera ouverte avec la pr\u00e9sence de notre institutrice C\u00e9line BEHRA. <\/span><\/span><\/span><a name=\"_GoBack\"><\/a> <span style=\"color: #000000;\"><span style=\"font-family: inherit, serif;\"><span style=\"font-size: medium;\">Pour p\u00e9renniser cette d\u00e9cision, les trois nouveaux Maires de MOLLAU, URBES et STORCKENSOHN ont propos\u00e9 \u00e0 l\u2019inspecteur de l\u2019\u00c9ducation <\/span><\/span><\/span><span style=\"color: #000000;\"><span style=\"font-family: inherit, serif;\"><span style=\"font-size: medium;\">nationale<\/span><\/span><\/span><span style=\"color: #000000;\"><span style=\"font-family: inherit, serif;\"><span style=\"font-size: medium;\"> le regroupement de toutes les classes dans une m\u00eame \u00e9cole \u00e0 URBES, qui poss\u00e8de une grande cour de r\u00e9cr\u00e9ation, des classes spacieuses, a\u00e9r\u00e9es, claires, agr\u00e9ables, des \u00e9quipements adapt\u00e9s. <\/span><\/span><\/span><span style=\"color: #000000;\"><span style=\"font-family: inherit, serif;\"><span style=\"font-size: medium;\">L\u2019inspecteur a \u00e9t\u00e9 enchant\u00e9 d\u2019une telle initiative. <\/span><\/span><\/span><span style=\"color: #000000;\"><span style=\"font-family: inherit, serif;\"><span style=\"font-size: medium;\">Pour la rentr\u00e9e 2021\/2022, l\u2019\u00e9cole d\u2019URBES accueillera tous les niveaux de classe, de la maternelle aux primaires. <\/span><\/span><\/span><span style=\"color: #000000;\"><span style=\"font-family: inherit, serif;\"><span style=\"font-size: medium;\">Les premiers petits travaux de r\u00e9novation vont d\u00e9buter en avril et le d\u00e9m\u00e9nagement des classes de MOLLAU et STORCKENSOHN se d\u00e9rouleront fin juin sous la direction des institutrices. <\/span><\/span><\/span><span style=\"color: #000000;\"><span style=\"font-family: inherit, serif;\"><span style=\"font-size: medium;\">L\u2019avenir de l\u2019\u00e9ducation scolaire de nos enfants pr\u00e8s de chez nous est assur\u00e9.<\/span><\/span><\/span><\/p>\n","protected":false},"excerpt":{"rendered":"<p>En d\u00e9but d\u2019ann\u00e9e, notre Maire annon\u00e7ait dans le bulletin communal la d\u00e9cision par l\u2019\u00c9ducation nationale de la fermeture de l\u2019\u00e9cole de STORCKENSOHN. Gr\u00e2ce au refus par courrier de notre \u00e9dile ainsi que la mobilisation de notre S\u00e9natrice et de notre D\u00e9put\u00e9, la classe de CP\/CE1 restera ouverte avec la pr\u00e9sence de notre institutrice C\u00e9line BEHRA. [&hellip;]<\/p>\n","protected":false},"author":1,"featured_media":2122,"comment_status":"closed","ping_status":"open","sticky":false,"template":"","format":"standard","meta":[],"categories":[2],"tags":[],"yoast_head":"<!-- This site is optimized with the Yoast SEO plugin v16.3 - https:\/\/yoast.com\/wordpress\/plugins\/seo\/ -->\n<title>Ecole \u00e9l\u00e9mentaire - Storckensohn<\/title>\n<meta name=\"robots\" content=\"index, follow, max-snippet:-1, max-image-preview:large, max-video-preview:-1\" \/>\n<link rel=\"canonical\" href=\"https:\/\/storckensohn.fr\/index.php\/2021\/04\/29\/ecole-elementaire\/\" \/>\n<meta property=\"og:locale\" content=\"fr_FR\" \/>\n<meta property=\"og:type\" content=\"article\" \/>\n<meta property=\"og:title\" content=\"Ecole \u00e9l\u00e9mentaire - Storckensohn\" \/>\n<meta property=\"og:description\" content=\"En d\u00e9but d\u2019ann\u00e9e, notre Maire annon\u00e7ait dans le bulletin communal la d\u00e9cision par l\u2019\u00c9ducation nationale de la fermeture de l\u2019\u00e9cole de STORCKENSOHN. Gr\u00e2ce au refus par courrier de notre \u00e9dile ainsi que la mobilisation de notre S\u00e9natrice et de notre D\u00e9put\u00e9, la classe de CP\/CE1 restera ouverte avec la pr\u00e9sence de notre institutrice C\u00e9line BEHRA. [&hellip;]\" \/>\n<meta property=\"og:url\" content=\"https:\/\/storckensohn.fr\/index.php\/2021\/04\/29\/ecole-elementaire\/\" \/>\n<meta property=\"og:site_name\" content=\"Storckensohn\" \/>\n<meta property=\"article:published_time\" content=\"2021-04-29T08:54:17+00:00\" \/>\n<meta property=\"article:modified_time\" content=\"2021-08-10T14:07:39+00:00\" \/>\n<meta property=\"og:image\" content=\"https:\/\/storckensohn.fr\/wp-content\/uploads\/2021\/04\/ecole.png\" \/>\n\t<meta property=\"og:image:width\" content=\"333\" \/>\n\t<meta property=\"og:image:height\" content=\"181\" \/>\n<meta name=\"twitter:card\" content=\"summary_large_image\" \/>\n<meta name=\"twitter:label1\" content=\"Dur\u00e9e de lecture est.\">\n\t<meta name=\"twitter:data1\" content=\"1 minute\">\n<script type=\"application\/ld+json\" class=\"yoast-schema-graph\">{\"@context\":\"https:\/\/schema.org\",\"@graph\":[{\"@type\":\"WebSite\",\"@id\":\"https:\/\/storckensohn.fr\/#website\",\"url\":\"https:\/\/storckensohn.fr\/\",\"name\":\"Storckensohn\",\"description\":\"\",\"potentialAction\":[{\"@type\":\"SearchAction\",\"target\":\"https:\/\/storckensohn.fr\/?s={search_term_string}\",\"query-input\":\"required name=search_term_string\"}],\"inLanguage\":\"fr-FR\"},{\"@type\":\"ImageObject\",\"@id\":\"https:\/\/storckensohn.fr\/index.php\/2021\/04\/29\/ecole-elementaire\/#primaryimage\",\"inLanguage\":\"fr-FR\",\"url\":\"https:\/\/storckensohn.fr\/wp-content\/uploads\/2021\/04\/ecole.png\",\"contentUrl\":\"https:\/\/storckensohn.fr\/wp-content\/uploads\/2021\/04\/ecole.png\",\"width\":333,\"height\":181},{\"@type\":\"WebPage\",\"@id\":\"https:\/\/storckensohn.fr\/index.php\/2021\/04\/29\/ecole-elementaire\/#webpage\",\"url\":\"https:\/\/storckensohn.fr\/index.php\/2021\/04\/29\/ecole-elementaire\/\",\"name\":\"Ecole \\u00e9l\\u00e9mentaire - Storckensohn\",\"isPartOf\":{\"@id\":\"https:\/\/storckensohn.fr\/#website\"},\"primaryImageOfPage\":{\"@id\":\"https:\/\/storckensohn.fr\/index.php\/2021\/04\/29\/ecole-elementaire\/#primaryimage\"},\"datePublished\":\"2021-04-29T08:54:17+00:00\",\"dateModified\":\"2021-08-10T14:07:39+00:00\",\"author\":{\"@id\":\"https:\/\/storckensohn.fr\/#\/schema\/person\/57b4354725742da12d8e08569d00e0c1\"},\"breadcrumb\":{\"@id\":\"https:\/\/storckensohn.fr\/index.php\/2021\/04\/29\/ecole-elementaire\/#breadcrumb\"},\"inLanguage\":\"fr-FR\",\"potentialAction\":[{\"@type\":\"ReadAction\",\"target\":[\"https:\/\/storckensohn.fr\/index.php\/2021\/04\/29\/ecole-elementaire\/\"]}]},{\"@type\":\"BreadcrumbList\",\"@id\":\"https:\/\/storckensohn.fr\/index.php\/2021\/04\/29\/ecole-elementaire\/#breadcrumb\",\"itemListElement\":[{\"@type\":\"ListItem\",\"position\":1,\"item\":{\"@type\":\"WebPage\",\"@id\":\"https:\/\/storckensohn.fr\/index.php\/accueil\/\",\"url\":\"https:\/\/storckensohn.fr\/index.php\/accueil\/\",\"name\":\"Accueil\"}},{\"@type\":\"ListItem\",\"position\":2,\"item\":{\"@id\":\"https:\/\/storckensohn.fr\/index.php\/2021\/04\/29\/ecole-elementaire\/#webpage\"}}]},{\"@type\":\"Person\",\"@id\":\"https:\/\/storckensohn.fr\/#\/schema\/person\/57b4354725742da12d8e08569d00e0c1\",\"name\":\"admin\",\"url\":\"https:\/\/storckensohn.fr\/index.php\/author\/admin\/\"}]}<\/script>\n<!-- \/ Yoast SEO plugin. -->","_links":{"self":[{"href":"https:\/\/storckensohn.fr\/index.php\/wp-json\/wp\/v2\/posts\/2121"}],"collection":[{"href":"https:\/\/storckensohn.fr\/index.php\/wp-json\/wp\/v2\/posts"}],"about":[{"href":"https:\/\/storckensohn.fr\/index.php\/wp-json\/wp\/v2\/types\/post"}],"author":[{"embeddable":true,"href":"https:\/\/storckensohn.fr\/index.php\/wp-json\/wp\/v2\/users\/1"}],"replies":[{"embeddable":true,"href":"https:\/\/storckensohn.fr\/index.php\/wp-json\/wp\/v2\/comments?post=2121"}],"version-history":[{"count":4,"href":"https:\/\/storckensohn.fr\/index.php\/wp-json\/wp\/v2\/posts\/2121\/revisions"}],"predecessor-version":[{"id":2597,"href":"https:\/\/storckensohn.fr\/index.php\/wp-json\/wp\/v2\/posts\/2121\/revisions\/2597"}],"wp:featuredmedia":[{"embeddable":true,"href":"https:\/\/storckensohn.fr\/index.php\/wp-json\/wp\/v2\/media\/2122"}],"wp:attachment":[{"href":"https:\/\/storckensohn.fr\/index.php\/wp-json\/wp\/v2\/media?parent=2121"}],"wp:term":[{"taxonomy":"category","embeddable":true,"href":"https:\/\/storckensohn.fr\/index.php\/wp-json\/wp\/v2\/categories?post=2121"},{"taxonomy":"post_tag","embeddable":true,"href":"https:\/\/storckensohn.fr\/index.php\/wp-json\/wp\/v2\/tags?post=2121"}],"curies":[{"name":"wp","href":"https:\/\/api.w.org\/{rel}","templated":true}]}}