{"id":2127,"date":"2021-04-29T08:58:46","date_gmt":"2021-04-29T08:58:46","guid":{"rendered":"http:\/\/storckensohn.wibou.fr\/?p=2127"},"modified":"2021-08-10T14:03:06","modified_gmt":"2021-08-10T14:03:06","slug":"antenne-sfr","status":"publish","type":"post","link":"https:\/\/storckensohn.fr\/index.php\/2021\/04\/29\/antenne-sfr\/","title":{"rendered":"Antenne SFR"},"content":{"rendered":"<p class=\"western\" align=\"justify\"><span style=\"color: #000000;\"><span style=\"font-family: Helvetica, serif;\"><span style=\"font-size: medium;\">En 2018, la commune d\u2019URBES a demand\u00e9 \u00e0 SFR de supprimer la zone blanche d\u2019un de leurs quartiers conform\u00e9ment aux obligations ordonn\u00e9es par le gouvernement aupr\u00e8s de tous <\/span><\/span><\/span><span style=\"color: #000000;\"><span style=\"font-family: Helvetica, serif;\"><span style=\"font-size: medium;\">nos\u00a0op\u00e9rateurs<\/span><\/span><\/span><span style=\"color: #000000;\"><span style=\"font-family: Helvetica, serif;\"><span style=\"font-size: medium;\">. <\/span><\/span><\/span><a name=\"_GoBack\"><\/a><span style=\"color: #000000;\"><span style=\"font-family: Helvetica, serif;\"><span style=\"font-size: medium;\">Dans cette zone blanche, il n\u2019y a pas de r\u00e9seau de t\u00e9l\u00e9phonie mobile et donc emp\u00eache toute possibilit\u00e9 d\u2019appeler ou d\u2019\u00eatre joint hors t\u00e9l\u00e9phone filaire.<\/span><\/span><\/span><span style=\"color: #000000;\"><span style=\"font-family: Helvetica, serif;\"><span style=\"font-size: medium;\"><br \/>\n<\/span><\/span><\/span><span style=\"color: #000000;\"><span style=\"font-family: Helvetica, serif;\"><span style=\"font-size: medium;\">Apr\u00e8s \u00e9tude de l\u2019op\u00e9rateur, il faut ajouter une antenne de 35m de haut pour couvrir ce quartier par un r\u00e9seau efficace. Cette antenne sera install\u00e9e sur le Chauvelin en contre-haut du cimeti\u00e8re <\/span><\/span><\/span><span style=\"color: #000000;\"><span style=\"font-family: Helvetica, serif;\"><span style=\"font-size: medium;\">d\u2019Urb\u00e8s<\/span><\/span><\/span><span style=\"color: #000000;\"><span style=\"font-family: Helvetica, serif;\"><span style=\"font-size: medium;\"> et \u00e9loign\u00e9e de plus de 450m des 1<\/span><\/span><\/span><span style=\"color: #000000;\"><sup><span style=\"font-family: Helvetica, serif;\"><span style=\"font-size: medium;\">\u00e8res<\/span><\/span><\/sup><\/span><span style=\"color: #000000;\"><span style=\"font-family: Helvetica, serif;\"><span style=\"font-size: medium;\"> maisons de STORCKENSOHN. Tous les documents du projet et l\u2019emplacement de l\u2019antenne ont \u00e9t\u00e9 approuv\u00e9s par le Conseil Municipal <\/span><\/span><\/span><span style=\"color: #000000;\"><span style=\"font-family: Helvetica, serif;\"><span style=\"font-size: medium;\">de STORCKENSOHN<\/span><\/span><\/span><span style=\"color: #000000;\"><span style=\"font-family: Helvetica, serif;\"><span style=\"font-size: medium;\"> le 28 f\u00e9vrier 2020. <\/span><\/span><\/span><span style=\"color: #000000;\"><span style=\"font-family: Helvetica, serif;\"><span style=\"font-size: medium;\">Le mat\u00e9riel utilis\u00e9 est conforme \u00e0 la l\u00e9gislation et ne comprendra qu\u2019une antenne 4G. Le d\u00e9ploiement des antennes 5G par les op\u00e9rateurs n\u2019est pas envisag\u00e9 dans les contr\u00e9es de population \u00e0 faible densit\u00e9, telle la vall\u00e9e de Saint-Amarin, mais uniquement, <\/span><\/span><\/span><span style=\"color: #000000;\"><span style=\"font-family: Helvetica, serif;\"><span style=\"font-size: medium;\">et<\/span><\/span><\/span><span style=\"color: #000000;\"><span style=\"font-family: Helvetica, serif;\"><span style=\"font-size: medium;\"> pour les prochaines ann\u00e9es, dans les m\u00e9tropoles et les villes de plus de <\/span><\/span><\/span><span style=\"color: #000000;\"><span style=\"font-family: Helvetica, serif;\"><span style=\"font-size: medium;\">50\u2009000<\/span><\/span><\/span><span style=\"color: #000000;\"><span style=\"font-family: Helvetica, serif;\"><span style=\"font-size: medium;\"> habitants<\/span><\/span><\/span><span style=\"color: #000000;\"><span style=\"font-family: Helvetica, serif;\"><span style=\"font-size: medium;\">,<\/span><\/span><\/span><span style=\"color: #000000;\"><span style=\"font-family: Helvetica, serif;\"><span style=\"font-size: medium;\"> ceci pour rentabiliser les installations.<\/span><\/span><\/span><\/p>\n<p>&nbsp;<\/p>\n","protected":false},"excerpt":{"rendered":"<p>En 2018, la commune d\u2019URBES a demand\u00e9 \u00e0 SFR de supprimer la zone blanche d\u2019un de leurs quartiers conform\u00e9ment aux obligations ordonn\u00e9es par le gouvernement aupr\u00e8s de tous nos\u00a0op\u00e9rateurs. Dans cette zone blanche, il n\u2019y a pas de r\u00e9seau de t\u00e9l\u00e9phonie mobile et donc emp\u00eache toute possibilit\u00e9 d\u2019appeler ou d\u2019\u00eatre joint hors t\u00e9l\u00e9phone filaire. Apr\u00e8s [&hellip;]<\/p>\n","protected":false},"author":1,"featured_media":2130,"comment_status":"closed","ping_status":"open","sticky":false,"template":"","format":"standard","meta":[],"categories":[2],"tags":[],"yoast_head":"<!-- This site is optimized with the Yoast SEO plugin v16.3 - https:\/\/yoast.com\/wordpress\/plugins\/seo\/ -->\n<title>Antenne SFR - Storckensohn<\/title>\n<meta name=\"robots\" content=\"index, follow, max-snippet:-1, max-image-preview:large, max-video-preview:-1\" \/>\n<link rel=\"canonical\" href=\"https:\/\/storckensohn.fr\/index.php\/2021\/04\/29\/antenne-sfr\/\" \/>\n<meta property=\"og:locale\" content=\"fr_FR\" \/>\n<meta property=\"og:type\" content=\"article\" \/>\n<meta property=\"og:title\" content=\"Antenne SFR - Storckensohn\" \/>\n<meta property=\"og:description\" content=\"En 2018, la commune d\u2019URBES a demand\u00e9 \u00e0 SFR de supprimer la zone blanche d\u2019un de leurs quartiers conform\u00e9ment aux obligations ordonn\u00e9es par le gouvernement aupr\u00e8s de tous nos\u00a0op\u00e9rateurs. Dans cette zone blanche, il n\u2019y a pas de r\u00e9seau de t\u00e9l\u00e9phonie mobile et donc emp\u00eache toute possibilit\u00e9 d\u2019appeler ou d\u2019\u00eatre joint hors t\u00e9l\u00e9phone filaire. Apr\u00e8s [&hellip;]\" \/>\n<meta property=\"og:url\" content=\"https:\/\/storckensohn.fr\/index.php\/2021\/04\/29\/antenne-sfr\/\" \/>\n<meta property=\"og:site_name\" content=\"Storckensohn\" \/>\n<meta property=\"article:published_time\" content=\"2021-04-29T08:58:46+00:00\" \/>\n<meta property=\"article:modified_time\" content=\"2021-08-10T14:03:06+00:00\" \/>\n<meta property=\"og:image\" content=\"https:\/\/storckensohn.fr\/wp-content\/uploads\/2021\/04\/antenne.jpg\" \/>\n\t<meta property=\"og:image:width\" content=\"1200\" \/>\n\t<meta property=\"og:image:height\" content=\"750\" \/>\n<meta name=\"twitter:card\" content=\"summary_large_image\" \/>\n<meta name=\"twitter:label1\" content=\"Dur\u00e9e de lecture est.\">\n\t<meta name=\"twitter:data1\" content=\"1 minute\">\n<script type=\"application\/ld+json\" class=\"yoast-schema-graph\">{\"@context\":\"https:\/\/schema.org\",\"@graph\":[{\"@type\":\"WebSite\",\"@id\":\"https:\/\/storckensohn.fr\/#website\",\"url\":\"https:\/\/storckensohn.fr\/\",\"name\":\"Storckensohn\",\"description\":\"\",\"potentialAction\":[{\"@type\":\"SearchAction\",\"target\":\"https:\/\/storckensohn.fr\/?s={search_term_string}\",\"query-input\":\"required name=search_term_string\"}],\"inLanguage\":\"fr-FR\"},{\"@type\":\"ImageObject\",\"@id\":\"https:\/\/storckensohn.fr\/index.php\/2021\/04\/29\/antenne-sfr\/#primaryimage\",\"inLanguage\":\"fr-FR\",\"url\":\"https:\/\/storckensohn.fr\/wp-content\/uploads\/2021\/04\/antenne.jpg\",\"contentUrl\":\"https:\/\/storckensohn.fr\/wp-content\/uploads\/2021\/04\/antenne.jpg\",\"width\":1200,\"height\":750},{\"@type\":\"WebPage\",\"@id\":\"https:\/\/storckensohn.fr\/index.php\/2021\/04\/29\/antenne-sfr\/#webpage\",\"url\":\"https:\/\/storckensohn.fr\/index.php\/2021\/04\/29\/antenne-sfr\/\",\"name\":\"Antenne SFR - Storckensohn\",\"isPartOf\":{\"@id\":\"https:\/\/storckensohn.fr\/#website\"},\"primaryImageOfPage\":{\"@id\":\"https:\/\/storckensohn.fr\/index.php\/2021\/04\/29\/antenne-sfr\/#primaryimage\"},\"datePublished\":\"2021-04-29T08:58:46+00:00\",\"dateModified\":\"2021-08-10T14:03:06+00:00\",\"author\":{\"@id\":\"https:\/\/storckensohn.fr\/#\/schema\/person\/57b4354725742da12d8e08569d00e0c1\"},\"breadcrumb\":{\"@id\":\"https:\/\/storckensohn.fr\/index.php\/2021\/04\/29\/antenne-sfr\/#breadcrumb\"},\"inLanguage\":\"fr-FR\",\"potentialAction\":[{\"@type\":\"ReadAction\",\"target\":[\"https:\/\/storckensohn.fr\/index.php\/2021\/04\/29\/antenne-sfr\/\"]}]},{\"@type\":\"BreadcrumbList\",\"@id\":\"https:\/\/storckensohn.fr\/index.php\/2021\/04\/29\/antenne-sfr\/#breadcrumb\",\"itemListElement\":[{\"@type\":\"ListItem\",\"position\":1,\"item\":{\"@type\":\"WebPage\",\"@id\":\"https:\/\/storckensohn.fr\/index.php\/accueil\/\",\"url\":\"https:\/\/storckensohn.fr\/index.php\/accueil\/\",\"name\":\"Accueil\"}},{\"@type\":\"ListItem\",\"position\":2,\"item\":{\"@id\":\"https:\/\/storckensohn.fr\/index.php\/2021\/04\/29\/antenne-sfr\/#webpage\"}}]},{\"@type\":\"Person\",\"@id\":\"https:\/\/storckensohn.fr\/#\/schema\/person\/57b4354725742da12d8e08569d00e0c1\",\"name\":\"admin\",\"url\":\"https:\/\/storckensohn.fr\/index.php\/author\/admin\/\"}]}<\/script>\n<!-- \/ Yoast SEO plugin. -->","_links":{"self":[{"href":"https:\/\/storckensohn.fr\/index.php\/wp-json\/wp\/v2\/posts\/2127"}],"collection":[{"href":"https:\/\/storckensohn.fr\/index.php\/wp-json\/wp\/v2\/posts"}],"about":[{"href":"https:\/\/storckensohn.fr\/index.php\/wp-json\/wp\/v2\/types\/post"}],"author":[{"embeddable":true,"href":"https:\/\/storckensohn.fr\/index.php\/wp-json\/wp\/v2\/users\/1"}],"replies":[{"embeddable":true,"href":"https:\/\/storckensohn.fr\/index.php\/wp-json\/wp\/v2\/comments?post=2127"}],"version-history":[{"count":4,"href":"https:\/\/storckensohn.fr\/index.php\/wp-json\/wp\/v2\/posts\/2127\/revisions"}],"predecessor-version":[{"id":2592,"href":"https:\/\/storckensohn.fr\/index.php\/wp-json\/wp\/v2\/posts\/2127\/revisions\/2592"}],"wp:featuredmedia":[{"embeddable":true,"href":"https:\/\/storckensohn.fr\/index.php\/wp-json\/wp\/v2\/media\/2130"}],"wp:attachment":[{"href":"https:\/\/storckensohn.fr\/index.php\/wp-json\/wp\/v2\/media?parent=2127"}],"wp:term":[{"taxonomy":"category","embeddable":true,"href":"https:\/\/storckensohn.fr\/index.php\/wp-json\/wp\/v2\/categories?post=2127"},{"taxonomy":"post_tag","embeddable":true,"href":"https:\/\/storckensohn.fr\/index.php\/wp-json\/wp\/v2\/tags?post=2127"}],"curies":[{"name":"wp","href":"https:\/\/api.w.org\/{rel}","templated":true}]}}