{"id":2744,"date":"2021-09-17T19:53:36","date_gmt":"2021-09-17T19:53:36","guid":{"rendered":"https:\/\/storckensohn.fr\/?p=2744"},"modified":"2021-09-17T19:56:32","modified_gmt":"2021-09-17T19:56:32","slug":"soiree-villageoise","status":"publish","type":"post","link":"https:\/\/storckensohn.fr\/index.php\/2021\/09\/17\/soiree-villageoise\/","title":{"rendered":"Soir\u00e9e villageoise"},"content":{"rendered":"<p>Sur le principe de l&rsquo;auberge espagnole, l&rsquo;\u00e9quipe municipale propose une\u00a0<strong>soir\u00e9e villageoise<\/strong>\u00a0pr\u00e8s du grand sapin \u00e0 l&rsquo;\u00e9tang de p\u00eache le samedi 25 septembre \u00e0 partir de 18h00.<br \/>\nTout est pr\u00e9vu pour passer une belle soir\u00e9e automnale et conviviale pr\u00e8s du feu: tables, bancs, barbecue, chapiteau ainsi qu&rsquo;un petit fond musical.<br \/>\n<em>Apportez\u00a0votre bonne humeur et votre panier!<\/em><\/p>\n","protected":false},"excerpt":{"rendered":"<p>Sur le principe de l&rsquo;auberge espagnole, l&rsquo;\u00e9quipe municipale propose une\u00a0soir\u00e9e villageoise\u00a0pr\u00e8s du grand sapin \u00e0 l&rsquo;\u00e9tang de p\u00eache le samedi 25 septembre \u00e0 partir de 18h00. Tout est pr\u00e9vu pour passer une belle soir\u00e9e automnale et conviviale pr\u00e8s du feu: tables, bancs, barbecue, chapiteau ainsi qu&rsquo;un petit fond musical. Apportez\u00a0votre bonne humeur et votre panier!<\/p>\n","protected":false},"author":3,"featured_media":2736,"comment_status":"closed","ping_status":"open","sticky":false,"template":"","format":"standard","meta":[],"categories":[2],"tags":[],"yoast_head":"<!-- This site is optimized with the Yoast SEO plugin v16.3 - https:\/\/yoast.com\/wordpress\/plugins\/seo\/ -->\n<title>Soir\u00e9e villageoise - Storckensohn<\/title>\n<meta name=\"robots\" content=\"index, follow, max-snippet:-1, max-image-preview:large, max-video-preview:-1\" \/>\n<link rel=\"canonical\" href=\"https:\/\/storckensohn.fr\/index.php\/2021\/09\/17\/soiree-villageoise\/\" \/>\n<meta property=\"og:locale\" content=\"fr_FR\" \/>\n<meta property=\"og:type\" content=\"article\" \/>\n<meta property=\"og:title\" content=\"Soir\u00e9e villageoise - Storckensohn\" \/>\n<meta property=\"og:description\" content=\"Sur le principe de l&rsquo;auberge espagnole, l&rsquo;\u00e9quipe municipale propose une\u00a0soir\u00e9e villageoise\u00a0pr\u00e8s du grand sapin \u00e0 l&rsquo;\u00e9tang de p\u00eache le samedi 25 septembre \u00e0 partir de 18h00. Tout est pr\u00e9vu pour passer une belle soir\u00e9e automnale et conviviale pr\u00e8s du feu: tables, bancs, barbecue, chapiteau ainsi qu&rsquo;un petit fond musical. Apportez\u00a0votre bonne humeur et votre panier!\" \/>\n<meta property=\"og:url\" content=\"https:\/\/storckensohn.fr\/index.php\/2021\/09\/17\/soiree-villageoise\/\" \/>\n<meta property=\"og:site_name\" content=\"Storckensohn\" \/>\n<meta property=\"article:published_time\" content=\"2021-09-17T19:53:36+00:00\" \/>\n<meta property=\"article:modified_time\" content=\"2021-09-17T19:56:32+00:00\" \/>\n<meta property=\"og:image\" content=\"https:\/\/storckensohn.fr\/wp-content\/uploads\/2021\/09\/Soiree-villageoise.jpg\" \/>\n\t<meta property=\"og:image:width\" content=\"1654\" \/>\n\t<meta property=\"og:image:height\" content=\"1654\" \/>\n<meta name=\"twitter:card\" content=\"summary_large_image\" \/>\n<meta name=\"twitter:label1\" content=\"Dur\u00e9e de lecture est.\">\n\t<meta name=\"twitter:data1\" content=\"1 minute\">\n<script type=\"application\/ld+json\" class=\"yoast-schema-graph\">{\"@context\":\"https:\/\/schema.org\",\"@graph\":[{\"@type\":\"WebSite\",\"@id\":\"https:\/\/storckensohn.fr\/#website\",\"url\":\"https:\/\/storckensohn.fr\/\",\"name\":\"Storckensohn\",\"description\":\"\",\"potentialAction\":[{\"@type\":\"SearchAction\",\"target\":\"https:\/\/storckensohn.fr\/?s={search_term_string}\",\"query-input\":\"required name=search_term_string\"}],\"inLanguage\":\"fr-FR\"},{\"@type\":\"ImageObject\",\"@id\":\"https:\/\/storckensohn.fr\/index.php\/2021\/09\/17\/soiree-villageoise\/#primaryimage\",\"inLanguage\":\"fr-FR\",\"url\":\"https:\/\/storckensohn.fr\/wp-content\/uploads\/2021\/09\/Soiree-villageoise.jpg\",\"contentUrl\":\"https:\/\/storckensohn.fr\/wp-content\/uploads\/2021\/09\/Soiree-villageoise.jpg\",\"width\":1654,\"height\":1654},{\"@type\":\"WebPage\",\"@id\":\"https:\/\/storckensohn.fr\/index.php\/2021\/09\/17\/soiree-villageoise\/#webpage\",\"url\":\"https:\/\/storckensohn.fr\/index.php\/2021\/09\/17\/soiree-villageoise\/\",\"name\":\"Soir\\u00e9e villageoise - Storckensohn\",\"isPartOf\":{\"@id\":\"https:\/\/storckensohn.fr\/#website\"},\"primaryImageOfPage\":{\"@id\":\"https:\/\/storckensohn.fr\/index.php\/2021\/09\/17\/soiree-villageoise\/#primaryimage\"},\"datePublished\":\"2021-09-17T19:53:36+00:00\",\"dateModified\":\"2021-09-17T19:56:32+00:00\",\"author\":{\"@id\":\"https:\/\/storckensohn.fr\/#\/schema\/person\/f78984274e869fe3010c95d2888cdcf0\"},\"breadcrumb\":{\"@id\":\"https:\/\/storckensohn.fr\/index.php\/2021\/09\/17\/soiree-villageoise\/#breadcrumb\"},\"inLanguage\":\"fr-FR\",\"potentialAction\":[{\"@type\":\"ReadAction\",\"target\":[\"https:\/\/storckensohn.fr\/index.php\/2021\/09\/17\/soiree-villageoise\/\"]}]},{\"@type\":\"BreadcrumbList\",\"@id\":\"https:\/\/storckensohn.fr\/index.php\/2021\/09\/17\/soiree-villageoise\/#breadcrumb\",\"itemListElement\":[{\"@type\":\"ListItem\",\"position\":1,\"item\":{\"@type\":\"WebPage\",\"@id\":\"https:\/\/storckensohn.fr\/index.php\/accueil\/\",\"url\":\"https:\/\/storckensohn.fr\/index.php\/accueil\/\",\"name\":\"Accueil\"}},{\"@type\":\"ListItem\",\"position\":2,\"item\":{\"@id\":\"https:\/\/storckensohn.fr\/index.php\/2021\/09\/17\/soiree-villageoise\/#webpage\"}}]},{\"@type\":\"Person\",\"@id\":\"https:\/\/storckensohn.fr\/#\/schema\/person\/f78984274e869fe3010c95d2888cdcf0\",\"name\":\"mairie\",\"url\":\"https:\/\/storckensohn.fr\/index.php\/author\/mairie\/\"}]}<\/script>\n<!-- \/ Yoast SEO plugin. -->","_links":{"self":[{"href":"https:\/\/storckensohn.fr\/index.php\/wp-json\/wp\/v2\/posts\/2744"}],"collection":[{"href":"https:\/\/storckensohn.fr\/index.php\/wp-json\/wp\/v2\/posts"}],"about":[{"href":"https:\/\/storckensohn.fr\/index.php\/wp-json\/wp\/v2\/types\/post"}],"author":[{"embeddable":true,"href":"https:\/\/storckensohn.fr\/index.php\/wp-json\/wp\/v2\/users\/3"}],"replies":[{"embeddable":true,"href":"https:\/\/storckensohn.fr\/index.php\/wp-json\/wp\/v2\/comments?post=2744"}],"version-history":[{"count":3,"href":"https:\/\/storckensohn.fr\/index.php\/wp-json\/wp\/v2\/posts\/2744\/revisions"}],"predecessor-version":[{"id":2750,"href":"https:\/\/storckensohn.fr\/index.php\/wp-json\/wp\/v2\/posts\/2744\/revisions\/2750"}],"wp:featuredmedia":[{"embeddable":true,"href":"https:\/\/storckensohn.fr\/index.php\/wp-json\/wp\/v2\/media\/2736"}],"wp:attachment":[{"href":"https:\/\/storckensohn.fr\/index.php\/wp-json\/wp\/v2\/media?parent=2744"}],"wp:term":[{"taxonomy":"category","embeddable":true,"href":"https:\/\/storckensohn.fr\/index.php\/wp-json\/wp\/v2\/categories?post=2744"},{"taxonomy":"post_tag","embeddable":true,"href":"https:\/\/storckensohn.fr\/index.php\/wp-json\/wp\/v2\/tags?post=2744"}],"curies":[{"name":"wp","href":"https:\/\/api.w.org\/{rel}","templated":true}]}}