{"id":2875,"date":"2021-11-26T14:44:22","date_gmt":"2021-11-26T14:44:22","guid":{"rendered":"https:\/\/storckensohn.fr\/?p=2875"},"modified":"2021-11-26T14:50:40","modified_gmt":"2021-11-26T14:50:40","slug":"fete-des-aines-2","status":"publish","type":"post","link":"https:\/\/storckensohn.fr\/index.php\/2021\/11\/26\/fete-des-aines-2\/","title":{"rendered":"F\u00eate des a\u00een\u00e9s"},"content":{"rendered":"<p>ANNULEE<\/p>\n","protected":false},"excerpt":{"rendered":"<p>ANNULEE<\/p>\n","protected":false},"author":3,"featured_media":2874,"comment_status":"closed","ping_status":"open","sticky":false,"template":"","format":"standard","meta":[],"categories":[2],"tags":[],"yoast_head":"<!-- This site is optimized with the Yoast SEO plugin v16.3 - https:\/\/yoast.com\/wordpress\/plugins\/seo\/ -->\n<title>F\u00eate des a\u00een\u00e9s - Storckensohn<\/title>\n<meta name=\"robots\" content=\"index, follow, max-snippet:-1, max-image-preview:large, max-video-preview:-1\" \/>\n<link rel=\"canonical\" href=\"https:\/\/storckensohn.fr\/index.php\/2021\/11\/26\/fete-des-aines-2\/\" \/>\n<meta property=\"og:locale\" content=\"fr_FR\" \/>\n<meta property=\"og:type\" content=\"article\" \/>\n<meta property=\"og:title\" content=\"F\u00eate des a\u00een\u00e9s - Storckensohn\" \/>\n<meta property=\"og:description\" content=\"ANNULEE\" \/>\n<meta property=\"og:url\" content=\"https:\/\/storckensohn.fr\/index.php\/2021\/11\/26\/fete-des-aines-2\/\" \/>\n<meta property=\"og:site_name\" content=\"Storckensohn\" \/>\n<meta property=\"article:published_time\" content=\"2021-11-26T14:44:22+00:00\" \/>\n<meta property=\"article:modified_time\" content=\"2021-11-26T14:50:40+00:00\" \/>\n<meta property=\"og:image\" content=\"https:\/\/storckensohn.fr\/wp-content\/uploads\/2021\/11\/Fete-des-aines-domicile-1-1030x515.jpg\" \/>\n\t<meta property=\"og:image:width\" content=\"1030\" \/>\n\t<meta property=\"og:image:height\" content=\"515\" \/>\n<meta name=\"twitter:card\" content=\"summary_large_image\" \/>\n<script type=\"application\/ld+json\" class=\"yoast-schema-graph\">{\"@context\":\"https:\/\/schema.org\",\"@graph\":[{\"@type\":\"WebSite\",\"@id\":\"https:\/\/storckensohn.fr\/#website\",\"url\":\"https:\/\/storckensohn.fr\/\",\"name\":\"Storckensohn\",\"description\":\"\",\"potentialAction\":[{\"@type\":\"SearchAction\",\"target\":\"https:\/\/storckensohn.fr\/?s={search_term_string}\",\"query-input\":\"required name=search_term_string\"}],\"inLanguage\":\"fr-FR\"},{\"@type\":\"ImageObject\",\"@id\":\"https:\/\/storckensohn.fr\/index.php\/2021\/11\/26\/fete-des-aines-2\/#primaryimage\",\"inLanguage\":\"fr-FR\",\"url\":\"https:\/\/storckensohn.fr\/wp-content\/uploads\/2021\/11\/Fete-des-aines-domicile-1-scaled.jpg\",\"contentUrl\":\"https:\/\/storckensohn.fr\/wp-content\/uploads\/2021\/11\/Fete-des-aines-domicile-1-scaled.jpg\",\"width\":2560,\"height\":1280},{\"@type\":\"WebPage\",\"@id\":\"https:\/\/storckensohn.fr\/index.php\/2021\/11\/26\/fete-des-aines-2\/#webpage\",\"url\":\"https:\/\/storckensohn.fr\/index.php\/2021\/11\/26\/fete-des-aines-2\/\",\"name\":\"F\\u00eate des a\\u00een\\u00e9s - Storckensohn\",\"isPartOf\":{\"@id\":\"https:\/\/storckensohn.fr\/#website\"},\"primaryImageOfPage\":{\"@id\":\"https:\/\/storckensohn.fr\/index.php\/2021\/11\/26\/fete-des-aines-2\/#primaryimage\"},\"datePublished\":\"2021-11-26T14:44:22+00:00\",\"dateModified\":\"2021-11-26T14:50:40+00:00\",\"author\":{\"@id\":\"https:\/\/storckensohn.fr\/#\/schema\/person\/f78984274e869fe3010c95d2888cdcf0\"},\"breadcrumb\":{\"@id\":\"https:\/\/storckensohn.fr\/index.php\/2021\/11\/26\/fete-des-aines-2\/#breadcrumb\"},\"inLanguage\":\"fr-FR\",\"potentialAction\":[{\"@type\":\"ReadAction\",\"target\":[\"https:\/\/storckensohn.fr\/index.php\/2021\/11\/26\/fete-des-aines-2\/\"]}]},{\"@type\":\"BreadcrumbList\",\"@id\":\"https:\/\/storckensohn.fr\/index.php\/2021\/11\/26\/fete-des-aines-2\/#breadcrumb\",\"itemListElement\":[{\"@type\":\"ListItem\",\"position\":1,\"item\":{\"@type\":\"WebPage\",\"@id\":\"https:\/\/storckensohn.fr\/index.php\/accueil\/\",\"url\":\"https:\/\/storckensohn.fr\/index.php\/accueil\/\",\"name\":\"Accueil\"}},{\"@type\":\"ListItem\",\"position\":2,\"item\":{\"@id\":\"https:\/\/storckensohn.fr\/index.php\/2021\/11\/26\/fete-des-aines-2\/#webpage\"}}]},{\"@type\":\"Person\",\"@id\":\"https:\/\/storckensohn.fr\/#\/schema\/person\/f78984274e869fe3010c95d2888cdcf0\",\"name\":\"mairie\",\"url\":\"https:\/\/storckensohn.fr\/index.php\/author\/mairie\/\"}]}<\/script>\n<!-- \/ Yoast SEO plugin. -->","_links":{"self":[{"href":"https:\/\/storckensohn.fr\/index.php\/wp-json\/wp\/v2\/posts\/2875"}],"collection":[{"href":"https:\/\/storckensohn.fr\/index.php\/wp-json\/wp\/v2\/posts"}],"about":[{"href":"https:\/\/storckensohn.fr\/index.php\/wp-json\/wp\/v2\/types\/post"}],"author":[{"embeddable":true,"href":"https:\/\/storckensohn.fr\/index.php\/wp-json\/wp\/v2\/users\/3"}],"replies":[{"embeddable":true,"href":"https:\/\/storckensohn.fr\/index.php\/wp-json\/wp\/v2\/comments?post=2875"}],"version-history":[{"count":2,"href":"https:\/\/storckensohn.fr\/index.php\/wp-json\/wp\/v2\/posts\/2875\/revisions"}],"predecessor-version":[{"id":2886,"href":"https:\/\/storckensohn.fr\/index.php\/wp-json\/wp\/v2\/posts\/2875\/revisions\/2886"}],"wp:featuredmedia":[{"embeddable":true,"href":"https:\/\/storckensohn.fr\/index.php\/wp-json\/wp\/v2\/media\/2874"}],"wp:attachment":[{"href":"https:\/\/storckensohn.fr\/index.php\/wp-json\/wp\/v2\/media?parent=2875"}],"wp:term":[{"taxonomy":"category","embeddable":true,"href":"https:\/\/storckensohn.fr\/index.php\/wp-json\/wp\/v2\/categories?post=2875"},{"taxonomy":"post_tag","embeddable":true,"href":"https:\/\/storckensohn.fr\/index.php\/wp-json\/wp\/v2\/tags?post=2875"}],"curies":[{"name":"wp","href":"https:\/\/api.w.org\/{rel}","templated":true}]}}