{"id":2942,"date":"2021-12-07T14:41:24","date_gmt":"2021-12-07T14:41:24","guid":{"rendered":"https:\/\/storckensohn.fr\/?p=2942"},"modified":"2021-12-07T14:44:26","modified_gmt":"2021-12-07T14:44:26","slug":"circuit-des-sapins-pret-de-livres","status":"publish","type":"post","link":"https:\/\/storckensohn.fr\/index.php\/2021\/12\/07\/circuit-des-sapins-pret-de-livres\/","title":{"rendered":"Circuit des sapins: Pr\u00eat de livres"},"content":{"rendered":"<p>\u00ab\u00a0CONTES &amp; LEGENDES\u00a0\u00bb<\/p>\n<p>Vous souhaitez prendre quelques instants avec vos enfants, vos petits-enfants ou vous-m\u00eame pour\u00a0le\u00a0lire les contes choisis dans le cadre du circuit des sapins\u00a0<em>-\u00e9dition 2021-<\/em>\u00a0?<br \/>\nOu peut-\u00eatre m\u00eame vous inspirer pour la confection des d\u00e9corations des diff\u00e9rents sapins?<\/p>\n<p><strong>La Mairie de Storckensohn met \u00e0 votre disposition l\u2019ensemble des\u00a0livres sur le th\u00e8me des \u00ab\u00a0Contes &amp; L\u00e9gendes\u00a0\u00bb.<\/strong><\/p>\n","protected":false},"excerpt":{"rendered":"<p>\u00ab\u00a0CONTES &amp; LEGENDES\u00a0\u00bb Vous souhaitez prendre quelques instants avec vos enfants, vos petits-enfants ou vous-m\u00eame pour\u00a0le\u00a0lire les contes choisis dans le cadre du circuit des sapins\u00a0-\u00e9dition 2021-\u00a0? Ou peut-\u00eatre m\u00eame vous inspirer pour la confection des d\u00e9corations des diff\u00e9rents sapins? La Mairie de Storckensohn met \u00e0 votre disposition l\u2019ensemble des\u00a0livres sur le th\u00e8me des \u00ab\u00a0Contes [&hellip;]<\/p>\n","protected":false},"author":3,"featured_media":2941,"comment_status":"closed","ping_status":"open","sticky":false,"template":"","format":"standard","meta":[],"categories":[2],"tags":[],"yoast_head":"<!-- This site is optimized with the Yoast SEO plugin v16.3 - https:\/\/yoast.com\/wordpress\/plugins\/seo\/ -->\n<title>Circuit des sapins: Pr\u00eat de livres - Storckensohn<\/title>\n<meta name=\"robots\" content=\"index, follow, max-snippet:-1, max-image-preview:large, max-video-preview:-1\" \/>\n<link rel=\"canonical\" href=\"https:\/\/storckensohn.fr\/index.php\/2021\/12\/07\/circuit-des-sapins-pret-de-livres\/\" \/>\n<meta property=\"og:locale\" content=\"fr_FR\" \/>\n<meta property=\"og:type\" content=\"article\" \/>\n<meta property=\"og:title\" content=\"Circuit des sapins: Pr\u00eat de livres - Storckensohn\" \/>\n<meta property=\"og:description\" content=\"\u00ab\u00a0CONTES &amp; LEGENDES\u00a0\u00bb Vous souhaitez prendre quelques instants avec vos enfants, vos petits-enfants ou vous-m\u00eame pour\u00a0le\u00a0lire les contes choisis dans le cadre du circuit des sapins\u00a0-\u00e9dition 2021-\u00a0? Ou peut-\u00eatre m\u00eame vous inspirer pour la confection des d\u00e9corations des diff\u00e9rents sapins? La Mairie de Storckensohn met \u00e0 votre disposition l\u2019ensemble des\u00a0livres sur le th\u00e8me des \u00ab\u00a0Contes [&hellip;]\" \/>\n<meta property=\"og:url\" content=\"https:\/\/storckensohn.fr\/index.php\/2021\/12\/07\/circuit-des-sapins-pret-de-livres\/\" \/>\n<meta property=\"og:site_name\" content=\"Storckensohn\" \/>\n<meta property=\"article:published_time\" content=\"2021-12-07T14:41:24+00:00\" \/>\n<meta property=\"article:modified_time\" content=\"2021-12-07T14:44:26+00:00\" \/>\n<meta property=\"og:image\" content=\"https:\/\/storckensohn.fr\/wp-content\/uploads\/2021\/12\/e5HA-ZKZoH1ZtMkAeAwACd6B_97auZsJSUS8aajMP181.jpg\" \/>\n\t<meta property=\"og:image:width\" content=\"2000\" \/>\n\t<meta property=\"og:image:height\" content=\"1600\" \/>\n<meta name=\"twitter:card\" content=\"summary_large_image\" \/>\n<meta name=\"twitter:label1\" content=\"Dur\u00e9e de lecture est.\">\n\t<meta name=\"twitter:data1\" content=\"1 minute\">\n<script type=\"application\/ld+json\" class=\"yoast-schema-graph\">{\"@context\":\"https:\/\/schema.org\",\"@graph\":[{\"@type\":\"WebSite\",\"@id\":\"https:\/\/storckensohn.fr\/#website\",\"url\":\"https:\/\/storckensohn.fr\/\",\"name\":\"Storckensohn\",\"description\":\"\",\"potentialAction\":[{\"@type\":\"SearchAction\",\"target\":\"https:\/\/storckensohn.fr\/?s={search_term_string}\",\"query-input\":\"required name=search_term_string\"}],\"inLanguage\":\"fr-FR\"},{\"@type\":\"ImageObject\",\"@id\":\"https:\/\/storckensohn.fr\/index.php\/2021\/12\/07\/circuit-des-sapins-pret-de-livres\/#primaryimage\",\"inLanguage\":\"fr-FR\",\"url\":\"https:\/\/storckensohn.fr\/wp-content\/uploads\/2021\/12\/e5HA-ZKZoH1ZtMkAeAwACd6B_97auZsJSUS8aajMP181.jpg\",\"contentUrl\":\"https:\/\/storckensohn.fr\/wp-content\/uploads\/2021\/12\/e5HA-ZKZoH1ZtMkAeAwACd6B_97auZsJSUS8aajMP181.jpg\",\"width\":2000,\"height\":1600},{\"@type\":\"WebPage\",\"@id\":\"https:\/\/storckensohn.fr\/index.php\/2021\/12\/07\/circuit-des-sapins-pret-de-livres\/#webpage\",\"url\":\"https:\/\/storckensohn.fr\/index.php\/2021\/12\/07\/circuit-des-sapins-pret-de-livres\/\",\"name\":\"Circuit des sapins: Pr\\u00eat de livres - Storckensohn\",\"isPartOf\":{\"@id\":\"https:\/\/storckensohn.fr\/#website\"},\"primaryImageOfPage\":{\"@id\":\"https:\/\/storckensohn.fr\/index.php\/2021\/12\/07\/circuit-des-sapins-pret-de-livres\/#primaryimage\"},\"datePublished\":\"2021-12-07T14:41:24+00:00\",\"dateModified\":\"2021-12-07T14:44:26+00:00\",\"author\":{\"@id\":\"https:\/\/storckensohn.fr\/#\/schema\/person\/f78984274e869fe3010c95d2888cdcf0\"},\"breadcrumb\":{\"@id\":\"https:\/\/storckensohn.fr\/index.php\/2021\/12\/07\/circuit-des-sapins-pret-de-livres\/#breadcrumb\"},\"inLanguage\":\"fr-FR\",\"potentialAction\":[{\"@type\":\"ReadAction\",\"target\":[\"https:\/\/storckensohn.fr\/index.php\/2021\/12\/07\/circuit-des-sapins-pret-de-livres\/\"]}]},{\"@type\":\"BreadcrumbList\",\"@id\":\"https:\/\/storckensohn.fr\/index.php\/2021\/12\/07\/circuit-des-sapins-pret-de-livres\/#breadcrumb\",\"itemListElement\":[{\"@type\":\"ListItem\",\"position\":1,\"item\":{\"@type\":\"WebPage\",\"@id\":\"https:\/\/storckensohn.fr\/index.php\/accueil\/\",\"url\":\"https:\/\/storckensohn.fr\/index.php\/accueil\/\",\"name\":\"Accueil\"}},{\"@type\":\"ListItem\",\"position\":2,\"item\":{\"@id\":\"https:\/\/storckensohn.fr\/index.php\/2021\/12\/07\/circuit-des-sapins-pret-de-livres\/#webpage\"}}]},{\"@type\":\"Person\",\"@id\":\"https:\/\/storckensohn.fr\/#\/schema\/person\/f78984274e869fe3010c95d2888cdcf0\",\"name\":\"mairie\",\"url\":\"https:\/\/storckensohn.fr\/index.php\/author\/mairie\/\"}]}<\/script>\n<!-- \/ Yoast SEO plugin. -->","_links":{"self":[{"href":"https:\/\/storckensohn.fr\/index.php\/wp-json\/wp\/v2\/posts\/2942"}],"collection":[{"href":"https:\/\/storckensohn.fr\/index.php\/wp-json\/wp\/v2\/posts"}],"about":[{"href":"https:\/\/storckensohn.fr\/index.php\/wp-json\/wp\/v2\/types\/post"}],"author":[{"embeddable":true,"href":"https:\/\/storckensohn.fr\/index.php\/wp-json\/wp\/v2\/users\/3"}],"replies":[{"embeddable":true,"href":"https:\/\/storckensohn.fr\/index.php\/wp-json\/wp\/v2\/comments?post=2942"}],"version-history":[{"count":2,"href":"https:\/\/storckensohn.fr\/index.php\/wp-json\/wp\/v2\/posts\/2942\/revisions"}],"predecessor-version":[{"id":2944,"href":"https:\/\/storckensohn.fr\/index.php\/wp-json\/wp\/v2\/posts\/2942\/revisions\/2944"}],"wp:featuredmedia":[{"embeddable":true,"href":"https:\/\/storckensohn.fr\/index.php\/wp-json\/wp\/v2\/media\/2941"}],"wp:attachment":[{"href":"https:\/\/storckensohn.fr\/index.php\/wp-json\/wp\/v2\/media?parent=2942"}],"wp:term":[{"taxonomy":"category","embeddable":true,"href":"https:\/\/storckensohn.fr\/index.php\/wp-json\/wp\/v2\/categories?post=2942"},{"taxonomy":"post_tag","embeddable":true,"href":"https:\/\/storckensohn.fr\/index.php\/wp-json\/wp\/v2\/tags?post=2942"}],"curies":[{"name":"wp","href":"https:\/\/api.w.org\/{rel}","templated":true}]}}