{"id":2963,"date":"2021-12-20T13:20:57","date_gmt":"2021-12-20T13:20:57","guid":{"rendered":"https:\/\/storckensohn.fr\/?p=2963"},"modified":"2021-12-20T13:21:04","modified_gmt":"2021-12-20T13:21:04","slug":"depart-a-la-retraite-au-31-decembre","status":"publish","type":"post","link":"https:\/\/storckensohn.fr\/index.php\/2021\/12\/20\/depart-a-la-retraite-au-31-decembre\/","title":{"rendered":"D\u00e9part \u00e0 la retraite au 31 d\u00e9cembre !"},"content":{"rendered":"<p>Plus que quelques jours&#8230;<\/p>\n<p><em>Assez travaill\u00e9, assez cotis\u00e9,<br \/>\nL&rsquo;heure de la retraite a sonn\u00e9.<br \/>\nLe temps est venu pour Berni d&rsquo;en profiter !<\/em><\/p>\n","protected":false},"excerpt":{"rendered":"<p>Plus que quelques jours&#8230; Assez travaill\u00e9, assez cotis\u00e9, L&rsquo;heure de la retraite a sonn\u00e9. Le temps est venu pour Berni d&rsquo;en profiter !<\/p>\n","protected":false},"author":3,"featured_media":2960,"comment_status":"closed","ping_status":"open","sticky":false,"template":"","format":"standard","meta":[],"categories":[2],"tags":[],"yoast_head":"<!-- This site is optimized with the Yoast SEO plugin v16.3 - https:\/\/yoast.com\/wordpress\/plugins\/seo\/ -->\n<title>D\u00e9part \u00e0 la retraite au 31 d\u00e9cembre ! - Storckensohn<\/title>\n<meta name=\"robots\" content=\"index, follow, max-snippet:-1, max-image-preview:large, max-video-preview:-1\" \/>\n<link rel=\"canonical\" href=\"https:\/\/storckensohn.fr\/index.php\/2021\/12\/20\/depart-a-la-retraite-au-31-decembre\/\" \/>\n<meta property=\"og:locale\" content=\"fr_FR\" \/>\n<meta property=\"og:type\" content=\"article\" \/>\n<meta property=\"og:title\" content=\"D\u00e9part \u00e0 la retraite au 31 d\u00e9cembre ! - Storckensohn\" \/>\n<meta property=\"og:description\" content=\"Plus que quelques jours&#8230; Assez travaill\u00e9, assez cotis\u00e9, L&rsquo;heure de la retraite a sonn\u00e9. Le temps est venu pour Berni d&rsquo;en profiter !\" \/>\n<meta property=\"og:url\" content=\"https:\/\/storckensohn.fr\/index.php\/2021\/12\/20\/depart-a-la-retraite-au-31-decembre\/\" \/>\n<meta property=\"og:site_name\" content=\"Storckensohn\" \/>\n<meta property=\"article:published_time\" content=\"2021-12-20T13:20:57+00:00\" \/>\n<meta property=\"article:modified_time\" content=\"2021-12-20T13:21:04+00:00\" \/>\n<meta property=\"og:image\" content=\"https:\/\/storckensohn.fr\/wp-content\/uploads\/2021\/12\/Retraite-Berny.png\" \/>\n\t<meta property=\"og:image:width\" content=\"1748\" \/>\n\t<meta property=\"og:image:height\" content=\"1240\" \/>\n<meta name=\"twitter:card\" content=\"summary_large_image\" \/>\n<meta name=\"twitter:label1\" content=\"Dur\u00e9e de lecture est.\">\n\t<meta name=\"twitter:data1\" content=\"1 minute\">\n<script type=\"application\/ld+json\" class=\"yoast-schema-graph\">{\"@context\":\"https:\/\/schema.org\",\"@graph\":[{\"@type\":\"WebSite\",\"@id\":\"https:\/\/storckensohn.fr\/#website\",\"url\":\"https:\/\/storckensohn.fr\/\",\"name\":\"Storckensohn\",\"description\":\"\",\"potentialAction\":[{\"@type\":\"SearchAction\",\"target\":\"https:\/\/storckensohn.fr\/?s={search_term_string}\",\"query-input\":\"required name=search_term_string\"}],\"inLanguage\":\"fr-FR\"},{\"@type\":\"ImageObject\",\"@id\":\"https:\/\/storckensohn.fr\/index.php\/2021\/12\/20\/depart-a-la-retraite-au-31-decembre\/#primaryimage\",\"inLanguage\":\"fr-FR\",\"url\":\"https:\/\/storckensohn.fr\/wp-content\/uploads\/2021\/12\/Retraite-Berny.png\",\"contentUrl\":\"https:\/\/storckensohn.fr\/wp-content\/uploads\/2021\/12\/Retraite-Berny.png\",\"width\":1748,\"height\":1240},{\"@type\":\"WebPage\",\"@id\":\"https:\/\/storckensohn.fr\/index.php\/2021\/12\/20\/depart-a-la-retraite-au-31-decembre\/#webpage\",\"url\":\"https:\/\/storckensohn.fr\/index.php\/2021\/12\/20\/depart-a-la-retraite-au-31-decembre\/\",\"name\":\"D\\u00e9part \\u00e0 la retraite au 31 d\\u00e9cembre ! - Storckensohn\",\"isPartOf\":{\"@id\":\"https:\/\/storckensohn.fr\/#website\"},\"primaryImageOfPage\":{\"@id\":\"https:\/\/storckensohn.fr\/index.php\/2021\/12\/20\/depart-a-la-retraite-au-31-decembre\/#primaryimage\"},\"datePublished\":\"2021-12-20T13:20:57+00:00\",\"dateModified\":\"2021-12-20T13:21:04+00:00\",\"author\":{\"@id\":\"https:\/\/storckensohn.fr\/#\/schema\/person\/f78984274e869fe3010c95d2888cdcf0\"},\"breadcrumb\":{\"@id\":\"https:\/\/storckensohn.fr\/index.php\/2021\/12\/20\/depart-a-la-retraite-au-31-decembre\/#breadcrumb\"},\"inLanguage\":\"fr-FR\",\"potentialAction\":[{\"@type\":\"ReadAction\",\"target\":[\"https:\/\/storckensohn.fr\/index.php\/2021\/12\/20\/depart-a-la-retraite-au-31-decembre\/\"]}]},{\"@type\":\"BreadcrumbList\",\"@id\":\"https:\/\/storckensohn.fr\/index.php\/2021\/12\/20\/depart-a-la-retraite-au-31-decembre\/#breadcrumb\",\"itemListElement\":[{\"@type\":\"ListItem\",\"position\":1,\"item\":{\"@type\":\"WebPage\",\"@id\":\"https:\/\/storckensohn.fr\/index.php\/accueil\/\",\"url\":\"https:\/\/storckensohn.fr\/index.php\/accueil\/\",\"name\":\"Accueil\"}},{\"@type\":\"ListItem\",\"position\":2,\"item\":{\"@id\":\"https:\/\/storckensohn.fr\/index.php\/2021\/12\/20\/depart-a-la-retraite-au-31-decembre\/#webpage\"}}]},{\"@type\":\"Person\",\"@id\":\"https:\/\/storckensohn.fr\/#\/schema\/person\/f78984274e869fe3010c95d2888cdcf0\",\"name\":\"mairie\",\"url\":\"https:\/\/storckensohn.fr\/index.php\/author\/mairie\/\"}]}<\/script>\n<!-- \/ Yoast SEO plugin. -->","_links":{"self":[{"href":"https:\/\/storckensohn.fr\/index.php\/wp-json\/wp\/v2\/posts\/2963"}],"collection":[{"href":"https:\/\/storckensohn.fr\/index.php\/wp-json\/wp\/v2\/posts"}],"about":[{"href":"https:\/\/storckensohn.fr\/index.php\/wp-json\/wp\/v2\/types\/post"}],"author":[{"embeddable":true,"href":"https:\/\/storckensohn.fr\/index.php\/wp-json\/wp\/v2\/users\/3"}],"replies":[{"embeddable":true,"href":"https:\/\/storckensohn.fr\/index.php\/wp-json\/wp\/v2\/comments?post=2963"}],"version-history":[{"count":2,"href":"https:\/\/storckensohn.fr\/index.php\/wp-json\/wp\/v2\/posts\/2963\/revisions"}],"predecessor-version":[{"id":2965,"href":"https:\/\/storckensohn.fr\/index.php\/wp-json\/wp\/v2\/posts\/2963\/revisions\/2965"}],"wp:featuredmedia":[{"embeddable":true,"href":"https:\/\/storckensohn.fr\/index.php\/wp-json\/wp\/v2\/media\/2960"}],"wp:attachment":[{"href":"https:\/\/storckensohn.fr\/index.php\/wp-json\/wp\/v2\/media?parent=2963"}],"wp:term":[{"taxonomy":"category","embeddable":true,"href":"https:\/\/storckensohn.fr\/index.php\/wp-json\/wp\/v2\/categories?post=2963"},{"taxonomy":"post_tag","embeddable":true,"href":"https:\/\/storckensohn.fr\/index.php\/wp-json\/wp\/v2\/tags?post=2963"}],"curies":[{"name":"wp","href":"https:\/\/api.w.org\/{rel}","templated":true}]}}