{"id":3088,"date":"2022-04-30T05:41:18","date_gmt":"2022-04-30T05:41:18","guid":{"rendered":"https:\/\/storckensohn.fr\/?p=3088"},"modified":"2022-07-30T06:11:39","modified_gmt":"2022-07-30T06:11:39","slug":"commemoration-8-5","status":"publish","type":"post","link":"https:\/\/storckensohn.fr\/index.php\/2022\/04\/30\/commemoration-8-5\/","title":{"rendered":"Comm\u00e9moration 8\/5"},"content":{"rendered":"<p>C\u00e9r\u00e9monie comm\u00e9mrative commune<\/p>\n<p><a href=\"https:\/\/storckensohn.fr\/wp-content\/uploads\/2022\/07\/Commemoration.jpg\"><img loading=\"lazy\" class=\"alignnone size-large wp-image-3042\" src=\"https:\/\/storckensohn.fr\/wp-content\/uploads\/2022\/07\/Commemoration-1030x1030.jpg\" alt=\"\" width=\"1030\" height=\"1030\" srcset=\"https:\/\/storckensohn.fr\/wp-content\/uploads\/2022\/07\/Commemoration-1030x1030.jpg 1030w, https:\/\/storckensohn.fr\/wp-content\/uploads\/2022\/07\/Commemoration-300x300.jpg 300w, https:\/\/storckensohn.fr\/wp-content\/uploads\/2022\/07\/Commemoration-80x80.jpg 80w, https:\/\/storckensohn.fr\/wp-content\/uploads\/2022\/07\/Commemoration-768x768.jpg 768w, https:\/\/storckensohn.fr\/wp-content\/uploads\/2022\/07\/Commemoration-36x36.jpg 36w, https:\/\/storckensohn.fr\/wp-content\/uploads\/2022\/07\/Commemoration-180x180.jpg 180w, https:\/\/storckensohn.fr\/wp-content\/uploads\/2022\/07\/Commemoration-705x705.jpg 705w, https:\/\/storckensohn.fr\/wp-content\/uploads\/2022\/07\/Commemoration.jpg 1080w\" sizes=\"(max-width: 1030px) 100vw, 1030px\" \/><\/a><\/p>\n","protected":false},"excerpt":{"rendered":"<p>C\u00e9r\u00e9monie comm\u00e9mrative commune<\/p>\n","protected":false},"author":1,"featured_media":3042,"comment_status":"closed","ping_status":"open","sticky":false,"template":"","format":"standard","meta":[],"categories":[2],"tags":[],"yoast_head":"<!-- This site is optimized with the Yoast SEO plugin v16.3 - https:\/\/yoast.com\/wordpress\/plugins\/seo\/ -->\n<title>Comm\u00e9moration 8\/5 - Storckensohn<\/title>\n<meta name=\"robots\" content=\"index, follow, max-snippet:-1, max-image-preview:large, max-video-preview:-1\" \/>\n<link rel=\"canonical\" href=\"https:\/\/storckensohn.fr\/index.php\/2022\/04\/30\/commemoration-8-5\/\" \/>\n<meta property=\"og:locale\" content=\"fr_FR\" \/>\n<meta property=\"og:type\" content=\"article\" \/>\n<meta property=\"og:title\" content=\"Comm\u00e9moration 8\/5 - Storckensohn\" \/>\n<meta property=\"og:description\" content=\"C\u00e9r\u00e9monie comm\u00e9mrative commune\" \/>\n<meta property=\"og:url\" content=\"https:\/\/storckensohn.fr\/index.php\/2022\/04\/30\/commemoration-8-5\/\" \/>\n<meta property=\"og:site_name\" content=\"Storckensohn\" \/>\n<meta property=\"article:published_time\" content=\"2022-04-30T05:41:18+00:00\" \/>\n<meta property=\"article:modified_time\" content=\"2022-07-30T06:11:39+00:00\" \/>\n<meta property=\"og:image\" content=\"https:\/\/storckensohn.fr\/wp-content\/uploads\/2022\/07\/Commemoration.jpg\" \/>\n\t<meta property=\"og:image:width\" content=\"1080\" \/>\n\t<meta property=\"og:image:height\" content=\"1080\" \/>\n<meta name=\"twitter:card\" content=\"summary_large_image\" \/>\n<meta name=\"twitter:label1\" content=\"Dur\u00e9e de lecture est.\">\n\t<meta name=\"twitter:data1\" content=\"1 minute\">\n<script type=\"application\/ld+json\" class=\"yoast-schema-graph\">{\"@context\":\"https:\/\/schema.org\",\"@graph\":[{\"@type\":\"WebSite\",\"@id\":\"https:\/\/storckensohn.fr\/#website\",\"url\":\"https:\/\/storckensohn.fr\/\",\"name\":\"Storckensohn\",\"description\":\"\",\"potentialAction\":[{\"@type\":\"SearchAction\",\"target\":\"https:\/\/storckensohn.fr\/?s={search_term_string}\",\"query-input\":\"required name=search_term_string\"}],\"inLanguage\":\"fr-FR\"},{\"@type\":\"ImageObject\",\"@id\":\"https:\/\/storckensohn.fr\/index.php\/2022\/04\/30\/commemoration-8-5\/#primaryimage\",\"inLanguage\":\"fr-FR\",\"url\":\"https:\/\/storckensohn.fr\/wp-content\/uploads\/2022\/07\/Commemoration.jpg\",\"contentUrl\":\"https:\/\/storckensohn.fr\/wp-content\/uploads\/2022\/07\/Commemoration.jpg\",\"width\":1080,\"height\":1080},{\"@type\":\"WebPage\",\"@id\":\"https:\/\/storckensohn.fr\/index.php\/2022\/04\/30\/commemoration-8-5\/#webpage\",\"url\":\"https:\/\/storckensohn.fr\/index.php\/2022\/04\/30\/commemoration-8-5\/\",\"name\":\"Comm\\u00e9moration 8\/5 - Storckensohn\",\"isPartOf\":{\"@id\":\"https:\/\/storckensohn.fr\/#website\"},\"primaryImageOfPage\":{\"@id\":\"https:\/\/storckensohn.fr\/index.php\/2022\/04\/30\/commemoration-8-5\/#primaryimage\"},\"datePublished\":\"2022-04-30T05:41:18+00:00\",\"dateModified\":\"2022-07-30T06:11:39+00:00\",\"author\":{\"@id\":\"https:\/\/storckensohn.fr\/#\/schema\/person\/57b4354725742da12d8e08569d00e0c1\"},\"breadcrumb\":{\"@id\":\"https:\/\/storckensohn.fr\/index.php\/2022\/04\/30\/commemoration-8-5\/#breadcrumb\"},\"inLanguage\":\"fr-FR\",\"potentialAction\":[{\"@type\":\"ReadAction\",\"target\":[\"https:\/\/storckensohn.fr\/index.php\/2022\/04\/30\/commemoration-8-5\/\"]}]},{\"@type\":\"BreadcrumbList\",\"@id\":\"https:\/\/storckensohn.fr\/index.php\/2022\/04\/30\/commemoration-8-5\/#breadcrumb\",\"itemListElement\":[{\"@type\":\"ListItem\",\"position\":1,\"item\":{\"@type\":\"WebPage\",\"@id\":\"https:\/\/storckensohn.fr\/index.php\/accueil\/\",\"url\":\"https:\/\/storckensohn.fr\/index.php\/accueil\/\",\"name\":\"Accueil\"}},{\"@type\":\"ListItem\",\"position\":2,\"item\":{\"@id\":\"https:\/\/storckensohn.fr\/index.php\/2022\/04\/30\/commemoration-8-5\/#webpage\"}}]},{\"@type\":\"Person\",\"@id\":\"https:\/\/storckensohn.fr\/#\/schema\/person\/57b4354725742da12d8e08569d00e0c1\",\"name\":\"admin\",\"url\":\"https:\/\/storckensohn.fr\/index.php\/author\/admin\/\"}]}<\/script>\n<!-- \/ Yoast SEO plugin. -->","_links":{"self":[{"href":"https:\/\/storckensohn.fr\/index.php\/wp-json\/wp\/v2\/posts\/3088"}],"collection":[{"href":"https:\/\/storckensohn.fr\/index.php\/wp-json\/wp\/v2\/posts"}],"about":[{"href":"https:\/\/storckensohn.fr\/index.php\/wp-json\/wp\/v2\/types\/post"}],"author":[{"embeddable":true,"href":"https:\/\/storckensohn.fr\/index.php\/wp-json\/wp\/v2\/users\/1"}],"replies":[{"embeddable":true,"href":"https:\/\/storckensohn.fr\/index.php\/wp-json\/wp\/v2\/comments?post=3088"}],"version-history":[{"count":3,"href":"https:\/\/storckensohn.fr\/index.php\/wp-json\/wp\/v2\/posts\/3088\/revisions"}],"predecessor-version":[{"id":3090,"href":"https:\/\/storckensohn.fr\/index.php\/wp-json\/wp\/v2\/posts\/3088\/revisions\/3090"}],"wp:featuredmedia":[{"embeddable":true,"href":"https:\/\/storckensohn.fr\/index.php\/wp-json\/wp\/v2\/media\/3042"}],"wp:attachment":[{"href":"https:\/\/storckensohn.fr\/index.php\/wp-json\/wp\/v2\/media?parent=3088"}],"wp:term":[{"taxonomy":"category","embeddable":true,"href":"https:\/\/storckensohn.fr\/index.php\/wp-json\/wp\/v2\/categories?post=3088"},{"taxonomy":"post_tag","embeddable":true,"href":"https:\/\/storckensohn.fr\/index.php\/wp-json\/wp\/v2\/tags?post=3088"}],"curies":[{"name":"wp","href":"https:\/\/api.w.org\/{rel}","templated":true}]}}