{"id":3186,"date":"2022-08-23T07:32:33","date_gmt":"2022-08-23T07:32:33","guid":{"rendered":"https:\/\/storckensohn.fr\/?p=3186"},"modified":"2022-08-23T07:32:37","modified_gmt":"2022-08-23T07:32:37","slug":"un-nouveau-service-a-storckensohn","status":"publish","type":"post","link":"https:\/\/storckensohn.fr\/index.php\/2022\/08\/23\/un-nouveau-service-a-storckensohn\/","title":{"rendered":"Un nouveau service \u00e0 Storckensohn !"},"content":{"rendered":"<p><strong>Tous les vendredis, un salon de coiffure itin\u00e9rant \u00e0 Storckensohn !<\/strong><\/p>\n<p>A compter de\u00a0<strong>ce vendredi 26 ao\u00fbt<\/strong>, la coiffeuse, le Mur\u2019HAIR Truck de Sandrine, viendra tous les vendredis apr\u00e8s-midi \u00e0 Storckensohn.<br \/>\nElle stationnera devant la salle polyvalente, le temps des travaux \u00e0 la Mairie. Apr\u00e8s les travaux, elle sera dans la cour de l\u2018\u00e9cole.<\/p>\n<p>\u260e Prendre RDV au :\u00a00980659952<\/p>\n","protected":false},"excerpt":{"rendered":"<p>Tous les vendredis, un salon de coiffure itin\u00e9rant \u00e0 Storckensohn ! A compter de\u00a0ce vendredi 26 ao\u00fbt, la coiffeuse, le Mur\u2019HAIR Truck de Sandrine, viendra tous les vendredis apr\u00e8s-midi \u00e0 Storckensohn. Elle stationnera devant la salle polyvalente, le temps des travaux \u00e0 la Mairie. Apr\u00e8s les travaux, elle sera dans la cour de l\u2018\u00e9cole. \u260e [&hellip;]<\/p>\n","protected":false},"author":3,"featured_media":3187,"comment_status":"closed","ping_status":"open","sticky":false,"template":"","format":"standard","meta":[],"categories":[2],"tags":[],"yoast_head":"<!-- This site is optimized with the Yoast SEO plugin v16.3 - https:\/\/yoast.com\/wordpress\/plugins\/seo\/ -->\n<title>Un nouveau service \u00e0 Storckensohn ! - Storckensohn<\/title>\n<meta name=\"robots\" content=\"index, follow, max-snippet:-1, max-image-preview:large, max-video-preview:-1\" \/>\n<link rel=\"canonical\" href=\"https:\/\/storckensohn.fr\/index.php\/2022\/08\/23\/un-nouveau-service-a-storckensohn\/\" \/>\n<meta property=\"og:locale\" content=\"fr_FR\" \/>\n<meta property=\"og:type\" content=\"article\" \/>\n<meta property=\"og:title\" content=\"Un nouveau service \u00e0 Storckensohn ! - Storckensohn\" \/>\n<meta property=\"og:description\" content=\"Tous les vendredis, un salon de coiffure itin\u00e9rant \u00e0 Storckensohn ! A compter de\u00a0ce vendredi 26 ao\u00fbt, la coiffeuse, le Mur\u2019HAIR Truck de Sandrine, viendra tous les vendredis apr\u00e8s-midi \u00e0 Storckensohn. Elle stationnera devant la salle polyvalente, le temps des travaux \u00e0 la Mairie. Apr\u00e8s les travaux, elle sera dans la cour de l\u2018\u00e9cole. \u260e [&hellip;]\" \/>\n<meta property=\"og:url\" content=\"https:\/\/storckensohn.fr\/index.php\/2022\/08\/23\/un-nouveau-service-a-storckensohn\/\" \/>\n<meta property=\"og:site_name\" content=\"Storckensohn\" \/>\n<meta property=\"article:published_time\" content=\"2022-08-23T07:32:33+00:00\" \/>\n<meta property=\"article:modified_time\" content=\"2022-08-23T07:32:37+00:00\" \/>\n<meta property=\"og:image\" content=\"https:\/\/storckensohn.fr\/wp-content\/uploads\/2022\/08\/298340870_115515491243392_480804080656260383_n.jpg\" \/>\n\t<meta property=\"og:image:width\" content=\"1165\" \/>\n\t<meta property=\"og:image:height\" content=\"1654\" \/>\n<meta name=\"twitter:card\" content=\"summary_large_image\" \/>\n<script type=\"application\/ld+json\" class=\"yoast-schema-graph\">{\"@context\":\"https:\/\/schema.org\",\"@graph\":[{\"@type\":\"WebSite\",\"@id\":\"https:\/\/storckensohn.fr\/#website\",\"url\":\"https:\/\/storckensohn.fr\/\",\"name\":\"Storckensohn\",\"description\":\"\",\"potentialAction\":[{\"@type\":\"SearchAction\",\"target\":\"https:\/\/storckensohn.fr\/?s={search_term_string}\",\"query-input\":\"required name=search_term_string\"}],\"inLanguage\":\"fr-FR\"},{\"@type\":\"ImageObject\",\"@id\":\"https:\/\/storckensohn.fr\/index.php\/2022\/08\/23\/un-nouveau-service-a-storckensohn\/#primaryimage\",\"inLanguage\":\"fr-FR\",\"url\":\"https:\/\/storckensohn.fr\/wp-content\/uploads\/2022\/08\/298340870_115515491243392_480804080656260383_n.jpg\",\"contentUrl\":\"https:\/\/storckensohn.fr\/wp-content\/uploads\/2022\/08\/298340870_115515491243392_480804080656260383_n.jpg\",\"width\":1165,\"height\":1654},{\"@type\":\"WebPage\",\"@id\":\"https:\/\/storckensohn.fr\/index.php\/2022\/08\/23\/un-nouveau-service-a-storckensohn\/#webpage\",\"url\":\"https:\/\/storckensohn.fr\/index.php\/2022\/08\/23\/un-nouveau-service-a-storckensohn\/\",\"name\":\"Un nouveau service \\u00e0 Storckensohn ! - Storckensohn\",\"isPartOf\":{\"@id\":\"https:\/\/storckensohn.fr\/#website\"},\"primaryImageOfPage\":{\"@id\":\"https:\/\/storckensohn.fr\/index.php\/2022\/08\/23\/un-nouveau-service-a-storckensohn\/#primaryimage\"},\"datePublished\":\"2022-08-23T07:32:33+00:00\",\"dateModified\":\"2022-08-23T07:32:37+00:00\",\"author\":{\"@id\":\"https:\/\/storckensohn.fr\/#\/schema\/person\/f78984274e869fe3010c95d2888cdcf0\"},\"breadcrumb\":{\"@id\":\"https:\/\/storckensohn.fr\/index.php\/2022\/08\/23\/un-nouveau-service-a-storckensohn\/#breadcrumb\"},\"inLanguage\":\"fr-FR\",\"potentialAction\":[{\"@type\":\"ReadAction\",\"target\":[\"https:\/\/storckensohn.fr\/index.php\/2022\/08\/23\/un-nouveau-service-a-storckensohn\/\"]}]},{\"@type\":\"BreadcrumbList\",\"@id\":\"https:\/\/storckensohn.fr\/index.php\/2022\/08\/23\/un-nouveau-service-a-storckensohn\/#breadcrumb\",\"itemListElement\":[{\"@type\":\"ListItem\",\"position\":1,\"item\":{\"@type\":\"WebPage\",\"@id\":\"https:\/\/storckensohn.fr\/index.php\/accueil\/\",\"url\":\"https:\/\/storckensohn.fr\/index.php\/accueil\/\",\"name\":\"Accueil\"}},{\"@type\":\"ListItem\",\"position\":2,\"item\":{\"@id\":\"https:\/\/storckensohn.fr\/index.php\/2022\/08\/23\/un-nouveau-service-a-storckensohn\/#webpage\"}}]},{\"@type\":\"Person\",\"@id\":\"https:\/\/storckensohn.fr\/#\/schema\/person\/f78984274e869fe3010c95d2888cdcf0\",\"name\":\"mairie\",\"url\":\"https:\/\/storckensohn.fr\/index.php\/author\/mairie\/\"}]}<\/script>\n<!-- \/ Yoast SEO plugin. -->","_links":{"self":[{"href":"https:\/\/storckensohn.fr\/index.php\/wp-json\/wp\/v2\/posts\/3186"}],"collection":[{"href":"https:\/\/storckensohn.fr\/index.php\/wp-json\/wp\/v2\/posts"}],"about":[{"href":"https:\/\/storckensohn.fr\/index.php\/wp-json\/wp\/v2\/types\/post"}],"author":[{"embeddable":true,"href":"https:\/\/storckensohn.fr\/index.php\/wp-json\/wp\/v2\/users\/3"}],"replies":[{"embeddable":true,"href":"https:\/\/storckensohn.fr\/index.php\/wp-json\/wp\/v2\/comments?post=3186"}],"version-history":[{"count":1,"href":"https:\/\/storckensohn.fr\/index.php\/wp-json\/wp\/v2\/posts\/3186\/revisions"}],"predecessor-version":[{"id":3188,"href":"https:\/\/storckensohn.fr\/index.php\/wp-json\/wp\/v2\/posts\/3186\/revisions\/3188"}],"wp:featuredmedia":[{"embeddable":true,"href":"https:\/\/storckensohn.fr\/index.php\/wp-json\/wp\/v2\/media\/3187"}],"wp:attachment":[{"href":"https:\/\/storckensohn.fr\/index.php\/wp-json\/wp\/v2\/media?parent=3186"}],"wp:term":[{"taxonomy":"category","embeddable":true,"href":"https:\/\/storckensohn.fr\/index.php\/wp-json\/wp\/v2\/categories?post=3186"},{"taxonomy":"post_tag","embeddable":true,"href":"https:\/\/storckensohn.fr\/index.php\/wp-json\/wp\/v2\/tags?post=3186"}],"curies":[{"name":"wp","href":"https:\/\/api.w.org\/{rel}","templated":true}]}}