{"id":3439,"date":"2023-02-15T20:23:41","date_gmt":"2023-02-15T20:23:41","guid":{"rendered":"https:\/\/storckensohn.fr\/?p=3439"},"modified":"2023-02-15T20:23:54","modified_gmt":"2023-02-15T20:23:54","slug":"saur-permanences","status":"publish","type":"post","link":"https:\/\/storckensohn.fr\/index.php\/2023\/02\/15\/saur-permanences\/","title":{"rendered":"SAUR: Permanences"},"content":{"rendered":"<p>A compter de cette semaine, SAUR met en place une permanence qui se d\u00e9roulera tous les <strong>mercredis matins de 9H \u00e0 12H30<\/strong> sur rendez-vous uniquement dans leur agence situ\u00e9e au<br \/>\n<strong>11 rue des fabriques (Parc de Wesserling) \u00e0 Husseren Wesserling.<br \/>\n<\/strong><br \/>\n\ud83d\udc49\u00a0Permanence exceptionnelle le 02 et 03 mars de 8H \u00e0 18H \u00e0 la m\u00eame adresse.<\/p>\n<p>\ud83d\udcde\u00a0SAUR pour prise de rendez-vous\u00a0: 03 55 66 45 00<\/p>\n","protected":false},"excerpt":{"rendered":"<p>A compter de cette semaine, SAUR met en place une permanence qui se d\u00e9roulera tous les mercredis matins de 9H \u00e0 12H30 sur rendez-vous uniquement dans leur agence situ\u00e9e au 11 rue des fabriques (Parc de Wesserling) \u00e0 Husseren Wesserling. \ud83d\udc49\u00a0Permanence exceptionnelle le 02 et 03 mars de 8H \u00e0 18H \u00e0 la m\u00eame adresse. [&hellip;]<\/p>\n","protected":false},"author":3,"featured_media":3179,"comment_status":"closed","ping_status":"open","sticky":false,"template":"","format":"standard","meta":[],"categories":[2],"tags":[],"yoast_head":"<!-- This site is optimized with the Yoast SEO plugin v16.3 - https:\/\/yoast.com\/wordpress\/plugins\/seo\/ -->\n<title>SAUR: Permanences - Storckensohn<\/title>\n<meta name=\"robots\" content=\"index, follow, max-snippet:-1, max-image-preview:large, max-video-preview:-1\" \/>\n<link rel=\"canonical\" href=\"https:\/\/storckensohn.fr\/index.php\/2023\/02\/15\/saur-permanences\/\" \/>\n<meta property=\"og:locale\" content=\"fr_FR\" \/>\n<meta property=\"og:type\" content=\"article\" \/>\n<meta property=\"og:title\" content=\"SAUR: Permanences - Storckensohn\" \/>\n<meta property=\"og:description\" content=\"A compter de cette semaine, SAUR met en place une permanence qui se d\u00e9roulera tous les mercredis matins de 9H \u00e0 12H30 sur rendez-vous uniquement dans leur agence situ\u00e9e au 11 rue des fabriques (Parc de Wesserling) \u00e0 Husseren Wesserling. \ud83d\udc49\u00a0Permanence exceptionnelle le 02 et 03 mars de 8H \u00e0 18H \u00e0 la m\u00eame adresse. [&hellip;]\" \/>\n<meta property=\"og:url\" content=\"https:\/\/storckensohn.fr\/index.php\/2023\/02\/15\/saur-permanences\/\" \/>\n<meta property=\"og:site_name\" content=\"Storckensohn\" \/>\n<meta property=\"article:published_time\" content=\"2023-02-15T20:23:41+00:00\" \/>\n<meta property=\"article:modified_time\" content=\"2023-02-15T20:23:54+00:00\" \/>\n<meta property=\"og:image\" content=\"https:\/\/storckensohn.fr\/wp-content\/uploads\/2022\/08\/1200px-Saur_logo.svg_.png\" \/>\n\t<meta property=\"og:image:width\" content=\"1200\" \/>\n\t<meta property=\"og:image:height\" content=\"841\" \/>\n<meta name=\"twitter:card\" content=\"summary_large_image\" \/>\n<meta name=\"twitter:label1\" content=\"Dur\u00e9e de lecture est.\">\n\t<meta name=\"twitter:data1\" content=\"1 minute\">\n<script type=\"application\/ld+json\" class=\"yoast-schema-graph\">{\"@context\":\"https:\/\/schema.org\",\"@graph\":[{\"@type\":\"WebSite\",\"@id\":\"https:\/\/storckensohn.fr\/#website\",\"url\":\"https:\/\/storckensohn.fr\/\",\"name\":\"Storckensohn\",\"description\":\"\",\"potentialAction\":[{\"@type\":\"SearchAction\",\"target\":\"https:\/\/storckensohn.fr\/?s={search_term_string}\",\"query-input\":\"required name=search_term_string\"}],\"inLanguage\":\"fr-FR\"},{\"@type\":\"ImageObject\",\"@id\":\"https:\/\/storckensohn.fr\/index.php\/2023\/02\/15\/saur-permanences\/#primaryimage\",\"inLanguage\":\"fr-FR\",\"url\":\"https:\/\/storckensohn.fr\/wp-content\/uploads\/2022\/08\/1200px-Saur_logo.svg_.png\",\"contentUrl\":\"https:\/\/storckensohn.fr\/wp-content\/uploads\/2022\/08\/1200px-Saur_logo.svg_.png\",\"width\":1200,\"height\":841},{\"@type\":\"WebPage\",\"@id\":\"https:\/\/storckensohn.fr\/index.php\/2023\/02\/15\/saur-permanences\/#webpage\",\"url\":\"https:\/\/storckensohn.fr\/index.php\/2023\/02\/15\/saur-permanences\/\",\"name\":\"SAUR: Permanences - Storckensohn\",\"isPartOf\":{\"@id\":\"https:\/\/storckensohn.fr\/#website\"},\"primaryImageOfPage\":{\"@id\":\"https:\/\/storckensohn.fr\/index.php\/2023\/02\/15\/saur-permanences\/#primaryimage\"},\"datePublished\":\"2023-02-15T20:23:41+00:00\",\"dateModified\":\"2023-02-15T20:23:54+00:00\",\"author\":{\"@id\":\"https:\/\/storckensohn.fr\/#\/schema\/person\/f78984274e869fe3010c95d2888cdcf0\"},\"breadcrumb\":{\"@id\":\"https:\/\/storckensohn.fr\/index.php\/2023\/02\/15\/saur-permanences\/#breadcrumb\"},\"inLanguage\":\"fr-FR\",\"potentialAction\":[{\"@type\":\"ReadAction\",\"target\":[\"https:\/\/storckensohn.fr\/index.php\/2023\/02\/15\/saur-permanences\/\"]}]},{\"@type\":\"BreadcrumbList\",\"@id\":\"https:\/\/storckensohn.fr\/index.php\/2023\/02\/15\/saur-permanences\/#breadcrumb\",\"itemListElement\":[{\"@type\":\"ListItem\",\"position\":1,\"item\":{\"@type\":\"WebPage\",\"@id\":\"https:\/\/storckensohn.fr\/index.php\/accueil\/\",\"url\":\"https:\/\/storckensohn.fr\/index.php\/accueil\/\",\"name\":\"Accueil\"}},{\"@type\":\"ListItem\",\"position\":2,\"item\":{\"@id\":\"https:\/\/storckensohn.fr\/index.php\/2023\/02\/15\/saur-permanences\/#webpage\"}}]},{\"@type\":\"Person\",\"@id\":\"https:\/\/storckensohn.fr\/#\/schema\/person\/f78984274e869fe3010c95d2888cdcf0\",\"name\":\"mairie\",\"url\":\"https:\/\/storckensohn.fr\/index.php\/author\/mairie\/\"}]}<\/script>\n<!-- \/ Yoast SEO plugin. -->","_links":{"self":[{"href":"https:\/\/storckensohn.fr\/index.php\/wp-json\/wp\/v2\/posts\/3439"}],"collection":[{"href":"https:\/\/storckensohn.fr\/index.php\/wp-json\/wp\/v2\/posts"}],"about":[{"href":"https:\/\/storckensohn.fr\/index.php\/wp-json\/wp\/v2\/types\/post"}],"author":[{"embeddable":true,"href":"https:\/\/storckensohn.fr\/index.php\/wp-json\/wp\/v2\/users\/3"}],"replies":[{"embeddable":true,"href":"https:\/\/storckensohn.fr\/index.php\/wp-json\/wp\/v2\/comments?post=3439"}],"version-history":[{"count":2,"href":"https:\/\/storckensohn.fr\/index.php\/wp-json\/wp\/v2\/posts\/3439\/revisions"}],"predecessor-version":[{"id":3442,"href":"https:\/\/storckensohn.fr\/index.php\/wp-json\/wp\/v2\/posts\/3439\/revisions\/3442"}],"wp:featuredmedia":[{"embeddable":true,"href":"https:\/\/storckensohn.fr\/index.php\/wp-json\/wp\/v2\/media\/3179"}],"wp:attachment":[{"href":"https:\/\/storckensohn.fr\/index.php\/wp-json\/wp\/v2\/media?parent=3439"}],"wp:term":[{"taxonomy":"category","embeddable":true,"href":"https:\/\/storckensohn.fr\/index.php\/wp-json\/wp\/v2\/categories?post=3439"},{"taxonomy":"post_tag","embeddable":true,"href":"https:\/\/storckensohn.fr\/index.php\/wp-json\/wp\/v2\/tags?post=3439"}],"curies":[{"name":"wp","href":"https:\/\/api.w.org\/{rel}","templated":true}]}}